{"id":1939,"date":"2017-12-05T13:31:21","date_gmt":"2017-12-05T12:31:21","guid":{"rendered":"http:\/\/www.artscape-norway.eu\/?p=1939"},"modified":"2017-12-05T13:38:35","modified_gmt":"2017-12-05T12:38:35","slug":"island-architektura-lavy-a-gejziru-gronsko","status":"publish","type":"post","link":"https:\/\/www.artscape-norway.eu\/?p=1939","title":{"rendered":"ISLAND, ARCHITEKTURA L\u00c1VY A GEJZ\u00cdR\u016e &#038; GR\u00d3NSKO"},"content":{"rendered":"<p>Srde\u010dn\u011b V\u00e1s zveme <strong>13. prosince 2017 od 19:00<\/strong> <strong>do Galerie Jaroslava Fragnera<\/strong>,<br \/>\nkde se bude konat prezentace mezin\u00e1rodn\u00edho projektu Artscape Island.<\/p>\n<h3>ISLAND,<br \/>\nARCHITEKTURA L\u00c1VY A GEJZ\u00cdR\u016e<br \/>\n&amp; GR\u00d3NSKO<\/h3>\n<p>P\u0159edn\u00e1\u0161ka <strong>Dana Merty<\/strong> spojen\u00e1 s prom\u00edt\u00e1n\u00edm fotografi\u00ed <strong>Ji\u0159\u00edho Havrana<\/strong><br \/>\na ofici\u00e1ln\u00ed premi\u00e9ra dokument\u00e1rn\u00edho filmu <strong>Mediated Motion in the Lava Field<\/strong> (Ji\u0159\u00ed Straka + Dan Merta).<\/p>\n<p>&nbsp;<\/p>\n<p><strong><a href=\"https:\/\/www.facebook.com\/events\/375970082845540\/\">FACEBOOK EVENTS<\/a><\/strong><\/p>\n","protected":false},"excerpt":{"rendered":"<p>Srde\u010dn\u011b V\u00e1s zveme 13. prosince 2017 od 19:00 do Galerie Jaroslava Fragnera, kde se bude konat prezentace mezin\u00e1rodn\u00edho projektu Artscape Island. ISLAND, ARCHITEKTURA L\u00c1VY A&#8230;<\/p>\n","protected":false},"author":4,"featured_media":1637,"comment_status":"closed","ping_status":"closed","sticky":false,"template":"","format":"standard","meta":{"om_disable_all_campaigns":false,"_monsterinsights_skip_tracking":false,"_monsterinsights_sitenote_active":false,"_monsterinsights_sitenote_note":"","_monsterinsights_sitenote_category":0,"ngg_post_thumbnail":0,"footnotes":""},"categories":[4],"tags":[],"class_list":["post-1939","post","type-post","status-publish","format-standard","has-post-thumbnail","hentry","category-aktuality-01"],"aioseo_notices":[],"_links":{"self":[{"href":"https:\/\/www.artscape-norway.eu\/index.php?rest_route=\/wp\/v2\/posts\/1939","targetHints":{"allow":["GET"]}}],"collection":[{"href":"https:\/\/www.artscape-norway.eu\/index.php?rest_route=\/wp\/v2\/posts"}],"about":[{"href":"https:\/\/www.artscape-norway.eu\/index.php?rest_route=\/wp\/v2\/types\/post"}],"author":[{"embeddable":true,"href":"https:\/\/www.artscape-norway.eu\/index.php?rest_route=\/wp\/v2\/users\/4"}],"replies":[{"embeddable":true,"href":"https:\/\/www.artscape-norway.eu\/index.php?rest_route=%2Fwp%2Fv2%2Fcomments&post=1939"}],"version-history":[{"count":3,"href":"https:\/\/www.artscape-norway.eu\/index.php?rest_route=\/wp\/v2\/posts\/1939\/revisions"}],"predecessor-version":[{"id":1942,"href":"https:\/\/www.artscape-norway.eu\/index.php?rest_route=\/wp\/v2\/posts\/1939\/revisions\/1942"}],"wp:featuredmedia":[{"embeddable":true,"href":"https:\/\/www.artscape-norway.eu\/index.php?rest_route=\/wp\/v2\/media\/1637"}],"wp:attachment":[{"href":"https:\/\/www.artscape-norway.eu\/index.php?rest_route=%2Fwp%2Fv2%2Fmedia&parent=1939"}],"wp:term":[{"taxonomy":"category","embeddable":true,"href":"https:\/\/www.artscape-norway.eu\/index.php?rest_route=%2Fwp%2Fv2%2Fcategories&post=1939"},{"taxonomy":"post_tag","embeddable":true,"href":"https:\/\/www.artscape-norway.eu\/index.php?rest_route=%2Fwp%2Fv2%2Ftags&post=1939"}],"curies":[{"name":"wp","href":"https:\/\/api.w.org\/{rel}","templated":true}]}}